{"id":1100,"date":"2008-09-27T08:53:48","date_gmt":"2008-09-27T06:53:48","guid":{"rendered":"http:\/\/www.zhongart.com\/marcol\/?p=1100"},"modified":"2022-12-24T22:40:32","modified_gmt":"2022-12-24T21:40:32","slug":"artamis","status":"publish","type":"post","link":"https:\/\/www.zhongart.com\/marcol\/artamis\/","title":{"rendered":"Artamis"},"content":{"rendered":"\n<hr class=\"wp-block-separator has-text-color has-alpha-channel-opacity has-background\" style=\"background-color:#eeeeee;color:#eeeeee\"\/>\n\n\n\n<p><strong>L&rsquo;aventure d&rsquo;Artamis a commenc\u00e9 il y a 12 ans. Elle est maintenant le souvenir d&rsquo;une longue et fructueuse exp\u00e9rience culturelle alternative. Je me souviens qu&rsquo;alors, pour 24 heures, je montai \u00e0 son bord. Mes archives se r\u00e9veillent aujourd&rsquo;hui \u2013 il \u00e9tait temps \u2013 pour donner \u00e0 voir quelques extraits des huit films que j&rsquo;insolais pour l&rsquo;occasion.<\/strong><\/p>\n\n\n\n<hr class=\"wp-block-separator has-text-color has-alpha-channel-opacity has-background\" style=\"background-color:#eeeeee;color:#eeeeee\"\/>\n\n\n<div class=\"foogallery foogallery-container foogallery-thumbnail foogallery-single-thumbnail foogallery-lightbox-foobox fg-left fg-thumbnail fg-ready fg-light fg-loading-default fg-loaded-fade-in fg-caption-hover fg-hover-fade fg-hover-zoom\" id=\"foogallery-gallery-1123\" data-foogallery=\"{&quot;item&quot;:{&quot;showCaptionTitle&quot;:true,&quot;showCaptionDescription&quot;:true},&quot;lazy&quot;:true}\" style=\"--fg-title-line-clamp: 0; --fg-description-line-clamp: 0;\" >\n    <div class=\"fg-item fg-type-image fg-idle\"><figure class=\"fg-item-inner\"><a href=\"https:\/\/www.zhongart.com\/marcol\/wp-content\/uploads\/2017\/02\/artamis-03a.jpg\" data-caption-title=\"Palissades habit\u00e9es\" data-attachment-id=\"1106\" rel=\"lightbox[1123]\" data-type=\"image\" class=\"fg-thumb\"><span class=\"fg-image-wrap\"><img fetchpriority=\"high\" decoding=\"async\" title=\"Palissades habit\u00e9es\" width=\"280\" height=\"200\" class=\"skip-lazy fg-image\" data-src-fg=\"https:\/\/www.zhongart.com\/marcol\/wp-content\/uploads\/cache\/2017\/02\/artamis-03a\/2484405507.jpg\" src=\"data:image\/svg+xml,%3Csvg%20xmlns%3D%22http%3A%2F%2Fwww.w3.org%2F2000%2Fsvg%22%20width%3D%22280%22%20height%3D%22200%22%20viewBox%3D%220%200%20280%20200%22%3E%3C%2Fsvg%3E\" loading=\"eager\"><\/span><span class=\"fg-image-overlay\"><\/span><\/a><figcaption class=\"fg-caption\"><div class=\"fg-caption-inner\"><div class=\"fg-caption-title\">Artamis<\/div><\/div><\/figcaption><\/figure><div class=\"fg-loader\"><\/div><\/div>        <div class=\"fg-st-hidden\">\n        <div class=\"fg-item fg-type-image fg-idle\"><figure class=\"fg-item-inner\"><a href=\"https:\/\/www.zhongart.com\/marcol\/wp-content\/uploads\/2017\/02\/artamis-19a.jpg\" data-caption-title=\"La place de l&#039;attente\" data-attachment-id=\"1122\" rel=\"lightbox[1123]\" data-type=\"image\" class=\"fg-thumb\"><span class=\"fg-image-wrap\"><img decoding=\"async\" title=\"La place de l&#039;attente\" width=\"280\" height=\"200\" class=\"skip-lazy fg-image\" data-src-fg=\"https:\/\/www.zhongart.com\/marcol\/wp-content\/uploads\/cache\/2017\/02\/artamis-19a\/1482713328.jpg\" src=\"data:image\/svg+xml,%3Csvg%20xmlns%3D%22http%3A%2F%2Fwww.w3.org%2F2000%2Fsvg%22%20width%3D%22280%22%20height%3D%22200%22%20viewBox%3D%220%200%20280%20200%22%3E%3C%2Fsvg%3E\" loading=\"eager\"><\/span><span class=\"fg-image-overlay\"><\/span><\/a><figcaption class=\"fg-caption\"><div class=\"fg-caption-inner\"><div class=\"fg-caption-title\">La place de l&rsquo;attente<\/div><\/div><\/figcaption><\/figure><div class=\"fg-loader\"><\/div><\/div><div class=\"fg-item fg-type-image fg-idle\"><figure class=\"fg-item-inner\"><a href=\"https:\/\/www.zhongart.com\/marcol\/wp-content\/uploads\/2017\/02\/artamis-07a.jpg\" data-caption-title=\"Le Minotaure et le lampadaire\" data-attachment-id=\"1110\" rel=\"lightbox[1123]\" data-type=\"image\" class=\"fg-thumb\"><span class=\"fg-image-wrap\"><img decoding=\"async\" title=\"Le Minotaure et le lampadaire\" width=\"280\" height=\"200\" class=\"skip-lazy fg-image\" data-src-fg=\"https:\/\/www.zhongart.com\/marcol\/wp-content\/uploads\/cache\/2017\/02\/artamis-07a\/1417259411.jpg\" src=\"data:image\/svg+xml,%3Csvg%20xmlns%3D%22http%3A%2F%2Fwww.w3.org%2F2000%2Fsvg%22%20width%3D%22280%22%20height%3D%22200%22%20viewBox%3D%220%200%20280%20200%22%3E%3C%2Fsvg%3E\" loading=\"eager\"><\/span><span class=\"fg-image-overlay\"><\/span><\/a><figcaption class=\"fg-caption\"><div class=\"fg-caption-inner\"><div class=\"fg-caption-title\">Le Minotaure et le lampadaire<\/div><\/div><\/figcaption><\/figure><div class=\"fg-loader\"><\/div><\/div><div class=\"fg-item fg-type-image fg-idle\"><figure class=\"fg-item-inner\"><a href=\"https:\/\/www.zhongart.com\/marcol\/wp-content\/uploads\/2017\/02\/artamis-01a.jpg\" data-caption-title=\"L&#039;imaginaire et la r\u00e9alit\u00e9\" data-attachment-id=\"1104\" rel=\"lightbox[1123]\" data-type=\"image\" class=\"fg-thumb\"><span class=\"fg-image-wrap\"><img decoding=\"async\" title=\"L&#039;imaginaire et la r\u00e9alit\u00e9\" width=\"280\" height=\"200\" class=\"skip-lazy fg-image\" data-src-fg=\"https:\/\/www.zhongart.com\/marcol\/wp-content\/uploads\/cache\/2017\/02\/artamis-01a\/1720846408.jpg\" src=\"data:image\/svg+xml,%3Csvg%20xmlns%3D%22http%3A%2F%2Fwww.w3.org%2F2000%2Fsvg%22%20width%3D%22280%22%20height%3D%22200%22%20viewBox%3D%220%200%20280%20200%22%3E%3C%2Fsvg%3E\" loading=\"eager\"><\/span><span class=\"fg-image-overlay\"><\/span><\/a><figcaption class=\"fg-caption\"><div class=\"fg-caption-inner\"><div class=\"fg-caption-title\">L&rsquo;imaginaire et la r\u00e9alit\u00e9<\/div><\/div><\/figcaption><\/figure><div class=\"fg-loader\"><\/div><\/div><div class=\"fg-item fg-type-image fg-idle\"><figure class=\"fg-item-inner\"><a href=\"https:\/\/www.zhongart.com\/marcol\/wp-content\/uploads\/2017\/02\/artamis-02a.jpg\" data-caption-title=\"Fertile fl\u00e8che\" data-attachment-id=\"1105\" rel=\"lightbox[1123]\" data-type=\"image\" class=\"fg-thumb\"><span class=\"fg-image-wrap\"><img decoding=\"async\" title=\"Fertile fl\u00e8che\" width=\"280\" height=\"200\" class=\"skip-lazy fg-image\" data-src-fg=\"https:\/\/www.zhongart.com\/marcol\/wp-content\/uploads\/cache\/2017\/02\/artamis-02a\/2175692434.jpg\" src=\"data:image\/svg+xml,%3Csvg%20xmlns%3D%22http%3A%2F%2Fwww.w3.org%2F2000%2Fsvg%22%20width%3D%22280%22%20height%3D%22200%22%20viewBox%3D%220%200%20280%20200%22%3E%3C%2Fsvg%3E\" loading=\"eager\"><\/span><span class=\"fg-image-overlay\"><\/span><\/a><figcaption class=\"fg-caption\"><div class=\"fg-caption-inner\"><div class=\"fg-caption-title\">Fertile fl\u00e8che<\/div><\/div><\/figcaption><\/figure><div class=\"fg-loader\"><\/div><\/div><div class=\"fg-item fg-type-image fg-idle\"><figure class=\"fg-item-inner\"><a href=\"https:\/\/www.zhongart.com\/marcol\/wp-content\/uploads\/2017\/02\/artamis-06a.jpg\" data-caption-title=\"Le sceau du renouveau\" data-attachment-id=\"1109\" rel=\"lightbox[1123]\" data-type=\"image\" class=\"fg-thumb\"><span class=\"fg-image-wrap\"><img decoding=\"async\" title=\"Le sceau du renouveau\" width=\"280\" height=\"200\" class=\"skip-lazy fg-image\" data-src-fg=\"https:\/\/www.zhongart.com\/marcol\/wp-content\/uploads\/cache\/2017\/02\/artamis-06a\/1398445277.jpg\" src=\"data:image\/svg+xml,%3Csvg%20xmlns%3D%22http%3A%2F%2Fwww.w3.org%2F2000%2Fsvg%22%20width%3D%22280%22%20height%3D%22200%22%20viewBox%3D%220%200%20280%20200%22%3E%3C%2Fsvg%3E\" loading=\"eager\"><\/span><span class=\"fg-image-overlay\"><\/span><\/a><figcaption class=\"fg-caption\"><div class=\"fg-caption-inner\"><div class=\"fg-caption-title\">Le sceau du renouveau<\/div><\/div><\/figcaption><\/figure><div class=\"fg-loader\"><\/div><\/div><div class=\"fg-item fg-type-image fg-idle\"><figure class=\"fg-item-inner\"><a href=\"https:\/\/www.zhongart.com\/marcol\/wp-content\/uploads\/2017\/02\/artamis-17a.jpg\" data-caption-title=\"Porte de la cr\u00e9ation\" data-attachment-id=\"1120\" rel=\"lightbox[1123]\" data-type=\"image\" class=\"fg-thumb\"><span class=\"fg-image-wrap\"><img decoding=\"async\" title=\"Porte de la cr\u00e9ation\" width=\"280\" height=\"200\" class=\"skip-lazy fg-image\" data-src-fg=\"https:\/\/www.zhongart.com\/marcol\/wp-content\/uploads\/cache\/2017\/02\/artamis-17a\/4138795293.jpg\" src=\"data:image\/svg+xml,%3Csvg%20xmlns%3D%22http%3A%2F%2Fwww.w3.org%2F2000%2Fsvg%22%20width%3D%22280%22%20height%3D%22200%22%20viewBox%3D%220%200%20280%20200%22%3E%3C%2Fsvg%3E\" loading=\"eager\"><\/span><span class=\"fg-image-overlay\"><\/span><\/a><figcaption class=\"fg-caption\"><div class=\"fg-caption-inner\"><div class=\"fg-caption-title\">Porte de la cr\u00e9ation<\/div><\/div><\/figcaption><\/figure><div class=\"fg-loader\"><\/div><\/div><div class=\"fg-item fg-type-image fg-idle\"><figure class=\"fg-item-inner\"><a href=\"https:\/\/www.zhongart.com\/marcol\/wp-content\/uploads\/2017\/02\/artamis-05a.jpg\" data-caption-title=\"Aux heures chaudes et d\u00e9sertes\" data-attachment-id=\"1108\" rel=\"lightbox[1123]\" data-type=\"image\" class=\"fg-thumb\"><span class=\"fg-image-wrap\"><img decoding=\"async\" title=\"Aux heures chaudes et d\u00e9sertes\" width=\"280\" height=\"200\" class=\"skip-lazy fg-image\" data-src-fg=\"https:\/\/www.zhongart.com\/marcol\/wp-content\/uploads\/cache\/2017\/02\/artamis-05a\/3026645511.jpg\" src=\"data:image\/svg+xml,%3Csvg%20xmlns%3D%22http%3A%2F%2Fwww.w3.org%2F2000%2Fsvg%22%20width%3D%22280%22%20height%3D%22200%22%20viewBox%3D%220%200%20280%20200%22%3E%3C%2Fsvg%3E\" loading=\"eager\"><\/span><span class=\"fg-image-overlay\"><\/span><\/a><figcaption class=\"fg-caption\"><div class=\"fg-caption-inner\"><div class=\"fg-caption-title\">Aux heures chaudes et d\u00e9sertes<\/div><\/div><\/figcaption><\/figure><div class=\"fg-loader\"><\/div><\/div><div class=\"fg-item fg-type-image fg-idle\"><figure class=\"fg-item-inner\"><a href=\"https:\/\/www.zhongart.com\/marcol\/wp-content\/uploads\/2017\/02\/artamis-08a.jpg\" data-caption-title=\"Th\u00e9\u00e2tre improvis\u00e9\" data-attachment-id=\"1111\" rel=\"lightbox[1123]\" data-type=\"image\" class=\"fg-thumb\"><span class=\"fg-image-wrap\"><img decoding=\"async\" title=\"Th\u00e9\u00e2tre improvis\u00e9\" width=\"280\" height=\"200\" class=\"skip-lazy fg-image\" data-src-fg=\"https:\/\/www.zhongart.com\/marcol\/wp-content\/uploads\/cache\/2017\/02\/artamis-08a\/1433484381.jpg\" src=\"data:image\/svg+xml,%3Csvg%20xmlns%3D%22http%3A%2F%2Fwww.w3.org%2F2000%2Fsvg%22%20width%3D%22280%22%20height%3D%22200%22%20viewBox%3D%220%200%20280%20200%22%3E%3C%2Fsvg%3E\" loading=\"eager\"><\/span><span class=\"fg-image-overlay\"><\/span><\/a><figcaption class=\"fg-caption\"><div class=\"fg-caption-inner\"><div class=\"fg-caption-title\">Th\u00e9\u00e2tre improvis\u00e9<\/div><\/div><\/figcaption><\/figure><div class=\"fg-loader\"><\/div><\/div><div class=\"fg-item fg-type-image fg-idle\"><figure class=\"fg-item-inner\"><a href=\"https:\/\/www.zhongart.com\/marcol\/wp-content\/uploads\/2017\/02\/artamis-18a.jpg\" data-caption-title=\"Agora de compromis\" data-attachment-id=\"1121\" rel=\"lightbox[1123]\" data-type=\"image\" class=\"fg-thumb\"><span class=\"fg-image-wrap\"><img decoding=\"async\" title=\"Agora de compromis\" width=\"280\" height=\"200\" class=\"skip-lazy fg-image\" data-src-fg=\"https:\/\/www.zhongart.com\/marcol\/wp-content\/uploads\/cache\/2017\/02\/artamis-18a\/4156134611.jpg\" src=\"data:image\/svg+xml,%3Csvg%20xmlns%3D%22http%3A%2F%2Fwww.w3.org%2F2000%2Fsvg%22%20width%3D%22280%22%20height%3D%22200%22%20viewBox%3D%220%200%20280%20200%22%3E%3C%2Fsvg%3E\" loading=\"eager\"><\/span><span class=\"fg-image-overlay\"><\/span><\/a><figcaption class=\"fg-caption\"><div class=\"fg-caption-inner\"><div class=\"fg-caption-title\">Agora de compromis<\/div><\/div><\/figcaption><\/figure><div class=\"fg-loader\"><\/div><\/div><div class=\"fg-item fg-type-image fg-idle\"><figure class=\"fg-item-inner\"><a href=\"https:\/\/www.zhongart.com\/marcol\/wp-content\/uploads\/2017\/02\/artamis-09a.jpg\" data-caption-title=\"Le verbe libre et partag\u00e9\" data-attachment-id=\"1112\" rel=\"lightbox[1123]\" data-type=\"image\" class=\"fg-thumb\"><span class=\"fg-image-wrap\"><img decoding=\"async\" title=\"Le verbe libre et partag\u00e9\" width=\"280\" height=\"200\" class=\"skip-lazy fg-image\" data-src-fg=\"https:\/\/www.zhongart.com\/marcol\/wp-content\/uploads\/cache\/2017\/02\/artamis-09a\/4205363326.jpg\" src=\"data:image\/svg+xml,%3Csvg%20xmlns%3D%22http%3A%2F%2Fwww.w3.org%2F2000%2Fsvg%22%20width%3D%22280%22%20height%3D%22200%22%20viewBox%3D%220%200%20280%20200%22%3E%3C%2Fsvg%3E\" loading=\"eager\"><\/span><span class=\"fg-image-overlay\"><\/span><\/a><figcaption class=\"fg-caption\"><div class=\"fg-caption-inner\"><div class=\"fg-caption-title\">Le verbe libre et partag\u00e9<\/div><\/div><\/figcaption><\/figure><div class=\"fg-loader\"><\/div><\/div><div class=\"fg-item fg-type-image fg-idle\"><figure class=\"fg-item-inner\"><a href=\"https:\/\/www.zhongart.com\/marcol\/wp-content\/uploads\/2017\/02\/artamis-04a.jpg\" data-caption-title=\"L&#039;organisation assum\u00e9e\" data-attachment-id=\"1107\" rel=\"lightbox[1123]\" data-type=\"image\" class=\"fg-thumb\"><span class=\"fg-image-wrap\"><img decoding=\"async\" title=\"L&#039;organisation assum\u00e9e\" width=\"280\" height=\"200\" class=\"skip-lazy fg-image\" data-src-fg=\"https:\/\/www.zhongart.com\/marcol\/wp-content\/uploads\/cache\/2017\/02\/artamis-04a\/2494014823.jpg\" src=\"data:image\/svg+xml,%3Csvg%20xmlns%3D%22http%3A%2F%2Fwww.w3.org%2F2000%2Fsvg%22%20width%3D%22280%22%20height%3D%22200%22%20viewBox%3D%220%200%20280%20200%22%3E%3C%2Fsvg%3E\" loading=\"eager\"><\/span><span class=\"fg-image-overlay\"><\/span><\/a><figcaption class=\"fg-caption\"><div class=\"fg-caption-inner\"><div class=\"fg-caption-title\">L&rsquo;organisation assum\u00e9e<\/div><\/div><\/figcaption><\/figure><div class=\"fg-loader\"><\/div><\/div><div class=\"fg-item fg-type-image fg-idle\"><figure class=\"fg-item-inner\"><a href=\"https:\/\/www.zhongart.com\/marcol\/wp-content\/uploads\/2017\/02\/artamis-10a.jpg\" data-caption-title=\"La br\u00e8che ouverte\" data-attachment-id=\"1113\" rel=\"lightbox[1123]\" data-type=\"image\" class=\"fg-thumb\"><span class=\"fg-image-wrap\"><img decoding=\"async\" title=\"La br\u00e8che ouverte\" width=\"280\" height=\"200\" class=\"skip-lazy fg-image\" data-src-fg=\"https:\/\/www.zhongart.com\/marcol\/wp-content\/uploads\/cache\/2017\/02\/artamis-10a\/1735935748.jpg\" src=\"data:image\/svg+xml,%3Csvg%20xmlns%3D%22http%3A%2F%2Fwww.w3.org%2F2000%2Fsvg%22%20width%3D%22280%22%20height%3D%22200%22%20viewBox%3D%220%200%20280%20200%22%3E%3C%2Fsvg%3E\" loading=\"eager\"><\/span><span class=\"fg-image-overlay\"><\/span><\/a><figcaption class=\"fg-caption\"><div class=\"fg-caption-inner\"><div class=\"fg-caption-title\">La br\u00e8che ouverte<\/div><\/div><\/figcaption><\/figure><div class=\"fg-loader\"><\/div><\/div><div class=\"fg-item fg-type-image fg-idle\"><figure class=\"fg-item-inner\"><a href=\"https:\/\/www.zhongart.com\/marcol\/wp-content\/uploads\/2017\/02\/artamis-11a.jpg\" data-caption-title=\"L&#039;addiction de la libert\u00e9\" data-attachment-id=\"1114\" rel=\"lightbox[1123]\" data-type=\"image\" class=\"fg-thumb\"><span class=\"fg-image-wrap\"><img decoding=\"async\" title=\"L&#039;addiction de la libert\u00e9\" width=\"280\" height=\"200\" class=\"skip-lazy fg-image\" data-src-fg=\"https:\/\/www.zhongart.com\/marcol\/wp-content\/uploads\/cache\/2017\/02\/artamis-11a\/75947993.jpg\" src=\"data:image\/svg+xml,%3Csvg%20xmlns%3D%22http%3A%2F%2Fwww.w3.org%2F2000%2Fsvg%22%20width%3D%22280%22%20height%3D%22200%22%20viewBox%3D%220%200%20280%20200%22%3E%3C%2Fsvg%3E\" loading=\"eager\"><\/span><span class=\"fg-image-overlay\"><\/span><\/a><figcaption class=\"fg-caption\"><div class=\"fg-caption-inner\"><div class=\"fg-caption-title\">L&rsquo;addiction de la libert\u00e9<\/div><\/div><\/figcaption><\/figure><div class=\"fg-loader\"><\/div><\/div><div class=\"fg-item fg-type-image fg-idle\"><figure class=\"fg-item-inner\"><a href=\"https:\/\/www.zhongart.com\/marcol\/wp-content\/uploads\/2017\/02\/artamis-12a.jpg\" data-caption-title=\"Le Th\u00e9\u00e2tre et son double\" data-attachment-id=\"1115\" rel=\"lightbox[1123]\" data-type=\"image\" class=\"fg-thumb\"><span class=\"fg-image-wrap\"><img decoding=\"async\" title=\"Le Th\u00e9\u00e2tre et son double\" width=\"280\" height=\"200\" class=\"skip-lazy fg-image\" data-src-fg=\"https:\/\/www.zhongart.com\/marcol\/wp-content\/uploads\/cache\/2017\/02\/artamis-12a\/3820665091.jpg\" src=\"data:image\/svg+xml,%3Csvg%20xmlns%3D%22http%3A%2F%2Fwww.w3.org%2F2000%2Fsvg%22%20width%3D%22280%22%20height%3D%22200%22%20viewBox%3D%220%200%20280%20200%22%3E%3C%2Fsvg%3E\" loading=\"eager\"><\/span><span class=\"fg-image-overlay\"><\/span><\/a><figcaption class=\"fg-caption\"><div class=\"fg-caption-inner\"><div class=\"fg-caption-title\">Le Th\u00e9\u00e2tre et son double<\/div><\/div><\/figcaption><\/figure><div class=\"fg-loader\"><\/div><\/div><div class=\"fg-item fg-type-image fg-idle\"><figure class=\"fg-item-inner\"><a href=\"https:\/\/www.zhongart.com\/marcol\/wp-content\/uploads\/2017\/02\/artamis-13a.jpg\" data-caption-title=\"Vigiles agiles\" data-attachment-id=\"1116\" rel=\"lightbox[1123]\" data-type=\"image\" class=\"fg-thumb\"><span class=\"fg-image-wrap\"><img decoding=\"async\" title=\"Vigiles agiles\" width=\"280\" height=\"200\" class=\"skip-lazy fg-image\" data-src-fg=\"https:\/\/www.zhongart.com\/marcol\/wp-content\/uploads\/cache\/2017\/02\/artamis-13a\/1281574176.jpg\" src=\"data:image\/svg+xml,%3Csvg%20xmlns%3D%22http%3A%2F%2Fwww.w3.org%2F2000%2Fsvg%22%20width%3D%22280%22%20height%3D%22200%22%20viewBox%3D%220%200%20280%20200%22%3E%3C%2Fsvg%3E\" loading=\"eager\"><\/span><span class=\"fg-image-overlay\"><\/span><\/a><figcaption class=\"fg-caption\"><div class=\"fg-caption-inner\"><div class=\"fg-caption-title\">Vigiles agiles<\/div><\/div><\/figcaption><\/figure><div class=\"fg-loader\"><\/div><\/div><div class=\"fg-item fg-type-image fg-idle\"><figure class=\"fg-item-inner\"><a href=\"https:\/\/www.zhongart.com\/marcol\/wp-content\/uploads\/2017\/02\/artamis-14a.jpg\" data-caption-title=\"Le lendemain chantait\" data-attachment-id=\"1117\" rel=\"lightbox[1123]\" data-type=\"image\" class=\"fg-thumb\"><span class=\"fg-image-wrap\"><img decoding=\"async\" title=\"Le lendemain chantait\" width=\"280\" height=\"200\" class=\"skip-lazy fg-image\" data-src-fg=\"https:\/\/www.zhongart.com\/marcol\/wp-content\/uploads\/cache\/2017\/02\/artamis-14a\/4138955510.jpg\" src=\"data:image\/svg+xml,%3Csvg%20xmlns%3D%22http%3A%2F%2Fwww.w3.org%2F2000%2Fsvg%22%20width%3D%22280%22%20height%3D%22200%22%20viewBox%3D%220%200%20280%20200%22%3E%3C%2Fsvg%3E\" loading=\"eager\"><\/span><span class=\"fg-image-overlay\"><\/span><\/a><figcaption class=\"fg-caption\"><div class=\"fg-caption-inner\"><div class=\"fg-caption-title\">Le lendemain chantait<\/div><\/div><\/figcaption><\/figure><div class=\"fg-loader\"><\/div><\/div><div class=\"fg-item fg-type-image fg-idle\"><figure class=\"fg-item-inner\"><a href=\"https:\/\/www.zhongart.com\/marcol\/wp-content\/uploads\/2017\/02\/artamis-15a.jpg\" data-caption-title=\"Les commodit\u00e9s\" data-attachment-id=\"1118\" rel=\"lightbox[1123]\" data-type=\"image\" class=\"fg-thumb\"><span class=\"fg-image-wrap\"><img decoding=\"async\" title=\"Les commodit\u00e9s\" width=\"280\" height=\"200\" class=\"skip-lazy fg-image\" data-src-fg=\"https:\/\/www.zhongart.com\/marcol\/wp-content\/uploads\/cache\/2017\/02\/artamis-15a\/3597804950.jpg\" src=\"data:image\/svg+xml,%3Csvg%20xmlns%3D%22http%3A%2F%2Fwww.w3.org%2F2000%2Fsvg%22%20width%3D%22280%22%20height%3D%22200%22%20viewBox%3D%220%200%20280%20200%22%3E%3C%2Fsvg%3E\" loading=\"eager\"><\/span><span class=\"fg-image-overlay\"><\/span><\/a><figcaption class=\"fg-caption\"><div class=\"fg-caption-inner\"><div class=\"fg-caption-title\">Les commodit\u00e9s<\/div><\/div><\/figcaption><\/figure><div class=\"fg-loader\"><\/div><\/div><div class=\"fg-item fg-type-image fg-idle\"><figure class=\"fg-item-inner\"><a href=\"https:\/\/www.zhongart.com\/marcol\/wp-content\/uploads\/2017\/02\/artamis-16a.jpg\" data-caption-title=\"Place aux arts\" data-attachment-id=\"1119\" rel=\"lightbox[1123]\" data-type=\"image\" class=\"fg-thumb\"><span class=\"fg-image-wrap\"><img decoding=\"async\" title=\"Place aux arts\" width=\"280\" height=\"200\" class=\"skip-lazy fg-image\" data-src-fg=\"https:\/\/www.zhongart.com\/marcol\/wp-content\/uploads\/cache\/2017\/02\/artamis-16a\/827212620.jpg\" src=\"data:image\/svg+xml,%3Csvg%20xmlns%3D%22http%3A%2F%2Fwww.w3.org%2F2000%2Fsvg%22%20width%3D%22280%22%20height%3D%22200%22%20viewBox%3D%220%200%20280%20200%22%3E%3C%2Fsvg%3E\" loading=\"eager\"><\/span><span class=\"fg-image-overlay\"><\/span><\/a><figcaption class=\"fg-caption\"><div class=\"fg-caption-inner\"><div class=\"fg-caption-title\">Place aux arts<\/div><\/div><\/figcaption><\/figure><div class=\"fg-loader\"><\/div><\/div>    <\/div>\n<\/div>\n\n\n\n<p><\/p>\n\n\n\n<p>C&rsquo;est gr\u00e2ce \u00e0 mon ami Antoine Bossel, co-fondateur d&rsquo;Artamis, que je vins ce 31 ao\u00fbt 1996 participer \u00e0 la seconde vague d&rsquo;occupation de l&rsquo;ancien site des Services Industriels de Gen\u00e8ve (<a title=\"services industriels de gen\u00e8ve\" href=\"http:\/\/www.sig-ge.ch\/\" target=\"_blank\" rel=\"external noopener\">SIG<\/a>). Dans le but d&rsquo;offrir des locaux \u00e0 des artistes et petites entreprises, mais hors march\u00e9 immobilier, un collectif r\u00e9unissant des amis de l&rsquo;art (d&rsquo;o\u00f9 le nom d&rsquo;Artamis) entreprit d&rsquo;occuper ill\u00e9galement mais bien l\u00e9gitimement des espaces et des lieux laiss\u00e9s en friche.<\/p>\n\n\n\n<p>Il y eu des m\u00e9contents: les propri\u00e9taires, les promoteurs, les obsol\u00e8tes soi-disants et leurs cohortes de bien-pensants. Mais c&rsquo;\u00e9tait l&rsquo;esprit <em>squat<\/em>: prendre sans attendre ce qui attend trop longtemps, soustraire aux r\u00e8gles castratrices les espaces vitaux n\u00e9cessaires \u00e0 l&rsquo;art et \u00e0 la jeunesse. Une inspirante vibration dans la marge de la cit\u00e9.<\/p>\n\n\n\n<p>L&rsquo;espace des SIG \u00e9tait encore divis\u00e9 en deux parties: celle revitalis\u00e9e et celle en attente de l&rsquo;\u00eatre derri\u00e8re ses pu\u00e9riles palissades. Le Minotaure faisait face au fragile lampadaire. L&rsquo;imaginaire rayonnant campait devant une r\u00e9alit\u00e9 sans flamme.<\/p>\n\n\n\n<p>Avant la nuit des lib\u00e9r\u00e9s, les arts furent les premiers \u00e0 prendre possession de ces maisons emmuraill\u00e9es. Symboliquement la fl\u00e8che marqu\u00e9e du sceau du renouveau transper\u00e7a le rempart infertile. Puis, comme pour entrer il fallait une porte, celle-ci fut simplement peinte. Elle deviendrait ce par o\u00f9 les hordes vivaces s&rsquo;engouffreraient au trouble du jour et de la nuit.<\/p>\n\n\n\n<p>Aux heures chaudes et d\u00e9sertes, le rouleau de peinture, dans un bruit de succion, \u00e9gaillait le dur asphalte de la r\u00e9alit\u00e9. Pendant ce temps les yeux invisibles de la soci\u00e9t\u00e9 rodaient sur les toits alentours comme des corbeaux cherchant pitance \u00e0 rapporter.<\/p>\n\n\n\n<p>Plus tard, l&rsquo;air vibra des scansions d&rsquo;un th\u00e9\u00e2tre improvis\u00e9. Le th\u00e9\u00e2tre f\u00fbt d&rsquo;ailleurs tr\u00e8s pr\u00e9sent \u00e0 Artamis. Outre les salles de spectacle que certains b\u00e2timents aux g\u00e9n\u00e9reux espaces permirent, les acteurs, moins \u00e0 la mode sur le march\u00e9, avaient dans l&rsquo;\u00e9v\u00e9nement une sc\u00e8ne \u00e0 explorer.<\/p>\n\n\n\n<p>Mais un mouvement d\u00e9mocratique, n&rsquo;aurait su \u00eatre sans son agora aux compromis d\u00e9cisifs; sans sa passion du verbe libre et partag\u00e9 et sans son organisation assum\u00e9e en porte-voix d&rsquo;une volont\u00e9 d&rsquo;agir dans l&rsquo;existence de la cit\u00e9.<\/p>\n\n\n\n<p>La br\u00e8che ouverte, il s&rsquo;agissait de la garder. Car \u00e0 tout moment les forces de l&rsquo;ordre et de l&rsquo;ob\u00e9issance, si utiles \u00e0 d&rsquo;autres moments, pouvaient venir accomplir leur mandat d&rsquo;expulser les ind\u00e9sir\u00e9s r\u00e9sidents. Cela n&rsquo;e\u00fbt pas lieu et les palissades, d\u00e9mont\u00e9es, furent bien \u00e9videmment recycl\u00e9es pour la viabilit\u00e9 du site.<\/p>\n\n\n\n<p>\u00c0 l&rsquo;int\u00e9rieur des premiers b\u00e2timents insuffl\u00e9s, c&rsquo;\u00e9tait l&rsquo;effervescence. On d\u00e9m\u00e9nagea meubles et frigos pour permettre, d&rsquo;abord le si\u00e8ge, puis la vie aux heureux usagers. Le moteur de cette joyeuse troupe \u00e9tait l&rsquo;addiction de la libert\u00e9. Plus tard, c&rsquo;est en partie d&rsquo;Artamis que la ville trouvera l&rsquo;art de sa libert\u00e9.<\/p>\n\n\n\n<p>En exergue \u00e0 l&rsquo;occupation, c&rsquo;est un texte d&rsquo;<a title=\"antonin artaud chez amazon\" href=\"http:\/\/www.amazon.fr\/gp\/search?ie=UTF8&amp;keywords=antonin%20artaud&amp;tag=marcol-21&amp;index=blended&amp;linkCode=ur2&amp;camp=1642&amp;creative=6746\" target=\"_blank\" rel=\"external noopener\">Antonin Artaud<\/a> paru en 1981 dans le <em>Th\u00e9\u00e2tre et son double<\/em> qui fut d\u00e9ploy\u00e9 en fa\u00e7ade:<\/p>\n\n\n\n<p>\u00ab\u00a0Avant d&rsquo;en revenir \u00e0 la culture je consid\u00e8re que le monde a faim, et qu&rsquo;il ne se soucie pas de la culture; et que c&rsquo;est artificiellement que l&rsquo;on veut ramener vers la culture des pens\u00e9es qui ne sont tourn\u00e9es que vers la faim.<br>Le plus urgent ne me para\u00eet pas tant de d\u00e9fendre une culture dont l&rsquo;existence n&rsquo;a jamais sauv\u00e9 un homme du souci de mieux vivre et d&rsquo;avoir faim, que d&rsquo;extraire de ce que l&rsquo;on appelle la culture, des id\u00e9es dont la force vivante est identique \u00e0 celle de la faim.<br>Nous avons surtout besoin de vivre et de croire \u00e0 ce qui nous fait vivre et que quelque chose nous fait vivre, \u2013 et ce qui sort du dedans myst\u00e9rieux de nous-m\u00eames, ne doit pas perp\u00e9tuellement revenir sur nous-m\u00eames dans un souci grossi\u00e8rement digestif.<br>Je veux dire que s&rsquo;il nous importe \u00e0 tous de manger tout de suite, il nous importe encore plus de ne pas gaspiller dans l&rsquo;unique souci de manger tout de suite notre simple force d&rsquo;avoir faim.\u00a0\u00bb<\/p>\n\n\n\n<p>Pendant la nuit, seuls rest\u00e8rent en \u00e9veil quelques vigies agiles pour assurer le repos \u00e0 l&rsquo;assembl\u00e9e des lib\u00e9rateurs des d\u00e9serts urbains. En symbole, des A tr\u00f4naient, exprimant la prise des lieux par le collectif d&rsquo;Artamis.<\/p>\n\n\n\n<p>Au matin, le lendemain chantait dans l&rsquo;aube d&rsquo;une naissance annonc\u00e9e. Les yeux dessill\u00e9s par l&rsquo;art s&rsquo;ouvraient gentiment sur un jour nouveau. Heureux de voir en ces murs un destin par soi pris en main. Un peu na\u00eff mais plein d&rsquo;espoir et de volont\u00e9 que le pr\u00e9sent soit \u00e0 venir, construit par les forces de l&rsquo;humanit\u00e9.<\/p>\n\n\n\n<p>Il y avait aussi les commodit\u00e9s. Et il n&rsquo;est pas toujours facile de sortir d&rsquo;un b\u00e2timent barricad\u00e9 car encore dans l&rsquo;attente de la r\u00e9action de l&rsquo;autorit\u00e9 de la cit\u00e9. Mais parmi les artistes il y a aussi des sportifs. <em>Mens sana in corpore sano<\/em>, m\u00eame si les t\u00e2ches sont partag\u00e9es.<\/p>\n\n\n\n<p>Enfin, la ville respirait d&rsquo;un nouveau lieu de cr\u00e9ation. Une nouvelle place pour les arts \u00e9tait \u00e0 son service. J&rsquo;y participai moi-m\u00eame. En automne 1996, j&rsquo;exposai dans la halle n\u00b05 mes <em>Brimborions<\/em>, essais de photographies recontextualis\u00e9es. Le d\u00e9nuement du local et ma maigre bourse m&rsquo;obligea m\u00eame \u00e0 inventer un \u00e9clairage peu cher mais suffisant, bricol\u00e9 avec des douilles et des \u00e9querres \u00e0 tablard. Puis, tout r\u00e9cemment, c&rsquo;est \u00e0 Artamis que le concours Europan 9 fut expos\u00e9, dont notre <a href=\"https:\/\/www.zhongart.com\/marcol\/interact-sion-europan-9\/\">projet Interact<\/a> pour lequel nous re\u00e7\u00fbmes un prix.<\/p>\n\n\n\n<hr class=\"wp-block-separator has-text-color has-alpha-channel-opacity has-background\" style=\"background-color:#eeeeee;color:#eeeeee\"\/>\n","protected":false},"excerpt":{"rendered":"<p>L&rsquo;aventure d&rsquo;Artamis a commenc\u00e9 il y a 12 ans. Elle est maintenant le souvenir d&rsquo;une longue et fructueuse exp\u00e9rience culturelle alternative.<\/p>\n","protected":false},"author":2,"featured_media":1106,"comment_status":"closed","ping_status":"open","sticky":false,"template":"","format":"standard","meta":{"footnotes":""},"categories":[5,4,3],"tags":[34,53,11,12,81,82,46],"class_list":["post-1100","post","type-post","status-publish","format-standard","has-post-thumbnail","hentry","category-espace","category-image","category-texte","tag-architecture","tag-collaboration","tag-exposition","tag-photographie","tag-reportage","tag-theatre","tag-urbanisme"],"_links":{"self":[{"href":"https:\/\/www.zhongart.com\/marcol\/wp-json\/wp\/v2\/posts\/1100","targetHints":{"allow":["GET"]}}],"collection":[{"href":"https:\/\/www.zhongart.com\/marcol\/wp-json\/wp\/v2\/posts"}],"about":[{"href":"https:\/\/www.zhongart.com\/marcol\/wp-json\/wp\/v2\/types\/post"}],"author":[{"embeddable":true,"href":"https:\/\/www.zhongart.com\/marcol\/wp-json\/wp\/v2\/users\/2"}],"replies":[{"embeddable":true,"href":"https:\/\/www.zhongart.com\/marcol\/wp-json\/wp\/v2\/comments?post=1100"}],"version-history":[{"count":6,"href":"https:\/\/www.zhongart.com\/marcol\/wp-json\/wp\/v2\/posts\/1100\/revisions"}],"predecessor-version":[{"id":2331,"href":"https:\/\/www.zhongart.com\/marcol\/wp-json\/wp\/v2\/posts\/1100\/revisions\/2331"}],"wp:featuredmedia":[{"embeddable":true,"href":"https:\/\/www.zhongart.com\/marcol\/wp-json\/wp\/v2\/media\/1106"}],"wp:attachment":[{"href":"https:\/\/www.zhongart.com\/marcol\/wp-json\/wp\/v2\/media?parent=1100"}],"wp:term":[{"taxonomy":"category","embeddable":true,"href":"https:\/\/www.zhongart.com\/marcol\/wp-json\/wp\/v2\/categories?post=1100"},{"taxonomy":"post_tag","embeddable":true,"href":"https:\/\/www.zhongart.com\/marcol\/wp-json\/wp\/v2\/tags?post=1100"}],"curies":[{"name":"wp","href":"https:\/\/api.w.org\/{rel}","templated":true}]}}