{"id":248,"date":"2015-04-05T20:20:50","date_gmt":"2015-04-05T18:20:50","guid":{"rendered":"http:\/\/www.zhongart.com\/marcol\/?p=248"},"modified":"2022-12-24T17:28:43","modified_gmt":"2022-12-24T16:28:43","slug":"liberation","status":"publish","type":"post","link":"https:\/\/www.zhongart.com\/marcol\/liberation\/","title":{"rendered":"Lib\u00e9ration"},"content":{"rendered":"\n<hr class=\"wp-block-separator has-text-color has-alpha-channel-opacity has-background\" style=\"background-color:#eeeeee;color:#eeeeee\"\/>\n\n\n\n<p class=\"has-text-align-left\">Dans son <a href=\"http:\/\/www.pourlascience.fr\/ewb_pages\/a\/article-bloc-notes-32951.php\" target=\"_blank\" rel=\"noopener\">bloc-notes<\/a> de juin 2014, <a href=\"https:\/\/fr.wikipedia.org\/wiki\/Didier_Nordon\" target=\"_blank\" rel=\"noopener\">Didier Nordon<\/a> expose que de prendre une photographie permettrait d&rsquo;\u00e9chapper au trouble qu&rsquo;est de regarder un objet sans \u00ab\u00a0\u00e9prouver le sentiment d&rsquo;en avoir joui \u00e0 la perfection\u00a0\u00bb. Et si l&rsquo;enjeu de la photographie n&rsquo;\u00e9tait ni dans la jouissance de l&rsquo;objet ou de son image, mais dans la lib\u00e9ration \u00e9motionnelle de ce qui nous est donn\u00e9 \u00e0 voir.<\/p>\n\n\n\n<p>N\u2019avons-nous pas d\u00e9j\u00e0 \u00e9t\u00e9 \u00e9merveill\u00e9s devant un paysage qui nous \u00e9meut au point de ne pas vouloir le quitter? N\u2019avons-nous pas d\u00e8s lors pris une image de ce paysage dans l&rsquo;illusion de le capturer, de le garder, de le faire n\u00f4tre? Et n&rsquo;avons-nous pas, une fois l&rsquo;image vue, \u00e9t\u00e9 d\u00e9\u00e7us par l&rsquo;\u00e9motion&nbsp;moindre ressentie en rapport au souvenir \u00e9motionnel de la r\u00e9alit\u00e9?<\/p>\n\n\n\n<p>Celui qui prend la photographie a-t-il v\u00e9ritablement un int\u00e9r\u00eat pour la photographie prise? A-t-il seulement un int\u00e9r\u00eat pour la contemplation de ce qui est photographi\u00e9? Ce \u00ab\u00a0magnifique!\u00a0\u00bb dont parle Didier Nordon, caract\u00e9rise-t-il le monde ou l&rsquo;id\u00e9e du monde dont la photographie peut \u00eatre un v\u00e9hicule? C\u2019est-\u00e0-dire, dans l&rsquo;acte photographique, est-ce la r\u00e9alit\u00e9, l&rsquo;image ou l&rsquo;acte lui-m\u00eame qui importe?<\/p>\n\n\n\n<p>En fait, dans la photographie, ce n&rsquo;est peut-\u00eatre pas l&rsquo;image la plus importante, mais l&rsquo;acte de sa prise. Par cet acte, je capture symboliquement le moment pr\u00e9sent incarn\u00e9 dans un lieu et le ma\u00eetrise ainsi \u00e9motionnellement au lieu d&rsquo;y \u00eatre asservi, subjugu\u00e9 que je suis par la surprise et la joie, la tristesse et la col\u00e8re, la peur et le d\u00e9go\u00fbt. Les premi\u00e8res \u00e9motions \u00e9tant probablement celles en g\u00e9n\u00e9ral recherch\u00e9es par les admirateurs de massifs fleuris et les derni\u00e8res, celles par les photographes de guerre.<\/p>\n\n\n\n<p>Regarder le parterre de fleurs suffisamment longtemps pour en jouir \u00e0 la perfection n&rsquo;est alors pas l&rsquo;enjeu de la photographie. L\u2019enjeu n&rsquo;est pas non plus dans la jouissance, diff\u00e9r\u00e9e, que pourrait apporter la contemplation \u00e0 volont\u00e9 de l&rsquo;image photographique. La dur\u00e9e de la contemplation serait plut\u00f4t celle du temps mis \u00e0 se lib\u00e9rer de l&#8217;emprise \u00e9motionnelle de ce qui nous est donn\u00e9 \u00e0 voir. Et la photographie permet, rapidement, de se lib\u00e9rer de cette emprise. Au point que, lorsque l&rsquo;objet photographi\u00e9 n&rsquo;est plus le parterre fleuri mais notre propre enveloppe, l&rsquo;autoportrait, et son pendant <em>trendy<\/em> qu&rsquo;est le <em><a href=\"https:\/\/fr.wikipedia.org\/wiki\/Selfie\" target=\"_blank\" rel=\"noreferrer noopener\">selfie<\/a><\/em>, permettrait, peut-\u00eatre, de se lib\u00e9rer de l&rsquo;angoisse existentielle.<\/p>\n\n\n\n<hr class=\"wp-block-separator has-text-color has-alpha-channel-opacity has-background\" style=\"background-color:#eeeeee;color:#eeeeee\"\/>\n","protected":false},"excerpt":{"rendered":"<p>Et si l&rsquo;enjeu de la photographie n&rsquo;\u00e9tait ni dans la jouissance de l&rsquo;objet ou de son image, mais dans la lib\u00e9ration \u00e9motionnelle de ce qui nous est donn\u00e9 \u00e0 voir.<\/p>\n","protected":false},"author":2,"featured_media":285,"comment_status":"closed","ping_status":"open","sticky":false,"template":"","format":"standard","meta":{"footnotes":""},"categories":[4,3],"tags":[28,21,12,20],"class_list":["post-248","post","type-post","status-publish","format-standard","has-post-thumbnail","hentry","category-image","category-texte","tag-esthetique","tag-philosophie","tag-photographie","tag-theorie"],"_links":{"self":[{"href":"https:\/\/www.zhongart.com\/marcol\/wp-json\/wp\/v2\/posts\/248","targetHints":{"allow":["GET"]}}],"collection":[{"href":"https:\/\/www.zhongart.com\/marcol\/wp-json\/wp\/v2\/posts"}],"about":[{"href":"https:\/\/www.zhongart.com\/marcol\/wp-json\/wp\/v2\/types\/post"}],"author":[{"embeddable":true,"href":"https:\/\/www.zhongart.com\/marcol\/wp-json\/wp\/v2\/users\/2"}],"replies":[{"embeddable":true,"href":"https:\/\/www.zhongart.com\/marcol\/wp-json\/wp\/v2\/comments?post=248"}],"version-history":[{"count":6,"href":"https:\/\/www.zhongart.com\/marcol\/wp-json\/wp\/v2\/posts\/248\/revisions"}],"predecessor-version":[{"id":2274,"href":"https:\/\/www.zhongart.com\/marcol\/wp-json\/wp\/v2\/posts\/248\/revisions\/2274"}],"wp:featuredmedia":[{"embeddable":true,"href":"https:\/\/www.zhongart.com\/marcol\/wp-json\/wp\/v2\/media\/285"}],"wp:attachment":[{"href":"https:\/\/www.zhongart.com\/marcol\/wp-json\/wp\/v2\/media?parent=248"}],"wp:term":[{"taxonomy":"category","embeddable":true,"href":"https:\/\/www.zhongart.com\/marcol\/wp-json\/wp\/v2\/categories?post=248"},{"taxonomy":"post_tag","embeddable":true,"href":"https:\/\/www.zhongart.com\/marcol\/wp-json\/wp\/v2\/tags?post=248"}],"curies":[{"name":"wp","href":"https:\/\/api.w.org\/{rel}","templated":true}]}}