{"id":934,"date":"2007-04-03T11:04:40","date_gmt":"2007-04-03T09:04:40","guid":{"rendered":"http:\/\/www.zhongart.com\/marcol\/?p=934"},"modified":"2022-12-25T10:26:26","modified_gmt":"2022-12-25T09:26:26","slug":"tous-spectateurs","status":"publish","type":"post","link":"https:\/\/www.zhongart.com\/marcol\/tous-spectateurs\/","title":{"rendered":"Tous spectateurs"},"content":{"rendered":"\n<hr class=\"wp-block-separator has-text-color has-alpha-channel-opacity has-background\" style=\"background-color:#eeeeee;color:#eeeeee\"\/>\n\n\n\n<p>Exposer au Mus\u00e9e de l&rsquo;\u00c9lys\u00e9e n&rsquo;est pas anodin. Depuis le d\u00e9but de l&rsquo;exposition <em>tous photographes!<\/em>, d\u00e9j\u00e0 44 des <a href=\"https:\/\/www.zhongart.com\/marcol\/tous-photographes\/\">mes images<\/a> y ont \u00e9t\u00e9 projet\u00e9es au public. En les multipliant par leur temps de passage \u00e0 l&rsquo;\u00e9cran, je peux d&rsquo;ors et d\u00e9j\u00e0 dire que j&rsquo;ai expos\u00e9 dans cette prestigieuse demeure de la photographie pendant deux minutes et cinquante-six secondes. Ce n&rsquo;est pas rien, mais ce n&rsquo;est pas grand chose, pas de quoi pavoiser ni s&rsquo;enorgueillir.<\/p>\n\n\n\n<p>Pourtant si \u00e0 cette heure plus de 26&rsquo;500 images ont \u00e9t\u00e9 envoy\u00e9es au Mus\u00e9e de l&rsquo;\u00c9lys\u00e9e pour y \u00eatre expos\u00e9es ce n&rsquo;est certainement pas pour des prunes, c&rsquo;est pour y \u00eatre vues. Ni n&rsquo;importe o\u00f9, ni par n&rsquo;importe qui. Mais que valent des images que les spectateurs n&rsquo;ont pas vues? Et de m\u00eame pour des textes non-lus?<\/p>\n\n\n\n<h1 class=\"wp-block-heading\">Toutes rephotographi\u00e9es<\/h1>\n\n\n\n<p>Apr\u00e8s chaque projection, les photographes participant \u00e0 l&rsquo;op\u00e9ration re\u00e7oivent par courriel une <em>vue d&rsquo;installation<\/em> comme preuve de l&rsquo;exposition de l\u2019\u0153uvre. Cette rephotographie pr\u00e9sente l&rsquo;image projet\u00e9e dans son environnement. Ainsi la cimaise-\u00e9cran et, sur celle flanqu\u00e9e \u00e0 gauche, la pr\u00e9sentation du concept et le titre de l&rsquo;exposition permettent de justifier du lieu d&rsquo;exposition.<\/p>\n\n\n\n<p>D&rsquo;autres \u00e9l\u00e9ments composent ces <em>vues<\/em>, en haut de l&rsquo;image, \u00e0 l&rsquo;arri\u00e8re des cimaises, les coulisses. Tant\u00f4t \u00e9clair\u00e9es, le plus souvent dans le noir, elles ne laissent pas deviner grand chose, tous au plus des murs et quelques bouts de bois. Comme je connais les lieux et que je suis architecte, je confirme qu&rsquo;il y a l\u00e0-bas derri\u00e8re un conduit de chemin\u00e9e et que la salle est celle des combles \u00e0 la superbe charpente en bois.<\/p>\n\n\n\n<p>En bas de la vue, un quasi triangle sombre, le sol &#8211; une moquette rase. Et, souvent, sur ce sol, une banquette vide, souvent. Rares seraient donc ceux qui regardent les images propos\u00e9es par les plus de sept mille photographes? Du moins c&rsquo;est ce que laisse supposer le champ de la vue prise par une petite cam\u00e9ra juch\u00e9e \u00e0 l&rsquo;angle de la cimaise faisant face.<\/p>\n\n\n\n<p>Mais hors champ voici donc que se r\u00e9v\u00e8lent trois chaises. Vides elles aussi, du moins lors de la prise de vue. On y voit d\u00e9j\u00e0 mieux la charpente. plus quelques autres panneaux d&rsquo;exposition.<\/p>\n\n\n\n<figure class=\"wp-block-image\"><img decoding=\"async\" src=\"https:\/\/www.zhongart.com\/marcol\/wp-content\/uploads\/2017\/02\/contre-champ.jpg\" alt=\"\"\/><figcaption class=\"wp-element-caption\">Hors-champ<\/figcaption><\/figure>\n\n\n\n<p>Or, que valent des images non-vues? Je me souvient du film <em>Lisbon story<\/em> de <a href=\"http:\/\/www.amazon.fr\/gp\/search?ie=UTF8&amp;keywords=wim%20wenders&amp;tag=marcol-21&amp;index=dvd-fr&amp;linkCode=ur2&amp;camp=1642&amp;creative=6746\" target=\"_blank\" rel=\"noreferrer noopener\">Wim Wenders<\/a>, tourn\u00e9 \u00e0 l&rsquo;or\u00e9e du centenaire du cin\u00e9ma. Entre autres p\u00e9rip\u00e9ties, un cin\u00e9aste, dans le film, en arrive \u00e0 filmer des images non-vues. Il se ballade dans les rues tenant sa cam\u00e9ra vid\u00e9o dans le dos. Puis, apr\u00e8s \u00eatre rentr\u00e9 de ses p\u00e9r\u00e9grinations, stocke les cassettes sans m\u00eame les visionner. \u00c0 mes yeux critique d&rsquo;un cin\u00e9ma abscons, le r\u00e9alisateur veut rendre au cin\u00e9ma sa fiert\u00e9 d&rsquo;\u00eatre simplement des images en mouvement additionn\u00e9es de son.<\/p>\n\n\n\n<p>Car m\u00eame si mes images sont expos\u00e9es dans ce qui est g\u00e9n\u00e9ralement admis comme un haut lieu de la photographie, leur exposition ne vaut rien si personne ne les a vues. Si ce n&rsquo;est moi et ceux qui prennent le temps de les visionner. Toutes les images du monde ne valent que par nos yeux. Sinon elles ne sont que l&rsquo;agr\u00e9gation temporaire de quelques grosses poign\u00e9es d&rsquo;atomes.<\/p>\n\n\n\n<p>Si j&rsquo;en juge par l&rsquo;habituelle fr\u00e9quentation des mus\u00e9es et par la pr\u00e9sence, certifi\u00e9e par les vues d&rsquo;installation, de spectateurs au moment o\u00f9 mes images sont projet\u00e9es, je ne peux que relativiser encore plus la valeur de mes images. Personne ne vient sp\u00e9cialement pour moi (d&rsquo;ailleurs comme n&rsquo;est pas connu l&rsquo;heure de passage des images, il serait vain de venir sp\u00e9cifiquement pour certaines), alors me voil\u00e0 content de pouvoir montrer une fraction de ce qui est expos\u00e9 \u00e0 quelques yeux consentants.<\/p>\n\n\n\n<p>En restera le film compos\u00e9 de toutes ces images furtives, mais pas anonymes, que nous visionneront lors des longues soir\u00e9es d&rsquo;un bient\u00f4t rare hiver.<\/p>\n\n\n\n<hr class=\"wp-block-separator has-text-color has-alpha-channel-opacity has-background\" style=\"background-color:#eeeeee;color:#eeeeee\"\/>\n","protected":false},"excerpt":{"rendered":"<p>Mais que valent des images que les spectateurs n&rsquo;ont pas vues? Et de m\u00eame pour des textes non-lus?<\/p>\n","protected":false},"author":2,"featured_media":935,"comment_status":"closed","ping_status":"open","sticky":false,"template":"","format":"standard","meta":{"footnotes":""},"categories":[4,3],"tags":[11,21,12,20],"class_list":["post-934","post","type-post","status-publish","format-standard","has-post-thumbnail","hentry","category-image","category-texte","tag-exposition","tag-philosophie","tag-photographie","tag-theorie"],"_links":{"self":[{"href":"https:\/\/www.zhongart.com\/marcol\/wp-json\/wp\/v2\/posts\/934","targetHints":{"allow":["GET"]}}],"collection":[{"href":"https:\/\/www.zhongart.com\/marcol\/wp-json\/wp\/v2\/posts"}],"about":[{"href":"https:\/\/www.zhongart.com\/marcol\/wp-json\/wp\/v2\/types\/post"}],"author":[{"embeddable":true,"href":"https:\/\/www.zhongart.com\/marcol\/wp-json\/wp\/v2\/users\/2"}],"replies":[{"embeddable":true,"href":"https:\/\/www.zhongart.com\/marcol\/wp-json\/wp\/v2\/comments?post=934"}],"version-history":[{"count":4,"href":"https:\/\/www.zhongart.com\/marcol\/wp-json\/wp\/v2\/posts\/934\/revisions"}],"predecessor-version":[{"id":2362,"href":"https:\/\/www.zhongart.com\/marcol\/wp-json\/wp\/v2\/posts\/934\/revisions\/2362"}],"wp:featuredmedia":[{"embeddable":true,"href":"https:\/\/www.zhongart.com\/marcol\/wp-json\/wp\/v2\/media\/935"}],"wp:attachment":[{"href":"https:\/\/www.zhongart.com\/marcol\/wp-json\/wp\/v2\/media?parent=934"}],"wp:term":[{"taxonomy":"category","embeddable":true,"href":"https:\/\/www.zhongart.com\/marcol\/wp-json\/wp\/v2\/categories?post=934"},{"taxonomy":"post_tag","embeddable":true,"href":"https:\/\/www.zhongart.com\/marcol\/wp-json\/wp\/v2\/tags?post=934"}],"curies":[{"name":"wp","href":"https:\/\/api.w.org\/{rel}","templated":true}]}}